{"id":1538,"date":"2025-08-11T11:58:07","date_gmt":"2025-08-11T11:58:07","guid":{"rendered":"https:\/\/www.vin.bg.ac.rs\/webiopatr\/2025\/?p=1538"},"modified":"2025-11-19T10:55:48","modified_gmt":"2025-11-19T10:55:48","slug":"second-call-for-webiopatr2025","status":"publish","type":"post","link":"https:\/\/www.vin.bg.ac.rs\/webiopatr\/2025\/second-call-for-webiopatr2025\/","title":{"rendered":"The second call for WeBIOPATR2025"},"content":{"rendered":"\n<p><strong>The 10<sup>th<\/sup> International WeBIOPATR Workshop and Conference<\/strong><\/p>\n\n\n\n<p><strong>PARTICULATE MATTER: RESEARCH AND MANAGEMENT<\/strong><\/p>\n\n\n\n<p>Welcome to the 10<sup>th<\/sup>&nbsp;WeBIOPATR Anniversary Conference, WeBIOPATR2025, to&nbsp;be held in Belgrade, Serbia,&nbsp;26.\u201328.11.2025.&nbsp;&nbsp;\u200b<\/p>\n\n\n\n<p>The first WeBIOPATR, \u201eInternational Workshop and Conference, Particulate Matter: Research and Management\u201c took place in Belgrade in 2007. Its aim was to create a forum for Serbian and Western-Balkan experts and air pollution stakeholders to inform each other about state of knowledge in atmospheric research in Serbia and internationally, and about opportunities and barriers to reduce air pollution and especially, particulate matter (PM) towards safer levels.&nbsp; The conference is held every 2<sup>nd<\/sup> year since.\u200b<\/p>\n\n\n\n<p><em>In the past decades, we have learnt much about the levels and negative effects of&nbsp;PM in Serbia, Western Balkan and all over the world, and we have taken into use new sensing and digital technologies.&nbsp; The research carried out in&nbsp;Serbia has been significantly expanded and better integrated in the international&nbsp;research community.<\/em><\/p>\n\n\n\n<p><em>The air pollution burden in Serbia and Balkan region has diminished but still needs&nbsp;to be reduced in line with the World Health&nbsp;Organization\u2019s latest air quality guidelines and the recently adopted revised European Air Quality Directive&nbsp;(EU) 2024\/2881. Bringing both the outdoor and the indoor levels towards safer levels concerns residential areas of large and small cities, industrial areas, and small&nbsp;settlements. Updated and new knowledge is needed to support the mitigation efforts. &nbsp;<\/em><\/p>\n\n\n\n<p>WeBIOPATR2025 will be held with support of the WeBaSOOP project &#8211; Research Reinforcing in the Western Balkans in Offline and Online Monitoring and Source Identification of Atmospheric Particles, GA No 101060170, Horizon Europe Framework Programme for Research and Innovation, European Union.<\/p>\n\n\n\n<p>Information regarding WeBIOPATR2025 will be distributed by e-mail and made available on the conference web site <a href=\"https:\/\/www.vin.bg.ac.rs\/webiopatr\/2025\/\">https:\/\/www.vin.bg.ac.rs\/webiopatr\/2025\/<\/a> and the WeBaSOOP project portal, <a href=\"http:\/\/webasoop.org\" data-type=\"link\" data-id=\"webasoop.org\">https:\/\/webasoop.org<\/a>.<\/p>\n\n\n\n<p>WeBIOPATR2025 will continue the exchange of information and ideas in topics related to Particulate Matter Research and Management, in the following sessions:\u200b<\/p>\n\n\n\n<p><strong>1. ATMOSPHERIC PARTICULATE MATTER \u2013 PHYSICAL AND CHEMICAL PROPERTIES<\/strong>\u200b<\/p>\n\n\n\n<ul class=\"wp-block-list\">\n<li>SOURCES AND FORMATION OF PARTICULATE MATTER\u200b<\/li>\n\n\n\n<li>PARTICULATE MATTER COMPOSITION AND LEVELS OUTDOORS AND INDOORS\u200b<\/li>\n\n\n\n<li>ENVIRONMENTAL MODELING\u200b<\/li>\n\n\n\n<li>NANOPARTICLES IN THE ENVIRONMENT\u200b<\/li>\n<\/ul>\n\n\n\n<p><strong>2. PARTICULATE MATTER AND HEALTH<\/strong>\u200b<\/p>\n\n\n\n<ul class=\"wp-block-list\">\n<li>EXPOSURE TO PARTICULATE MATTER\u200b<\/li>\n\n\n\n<li>HEALTH ASPECTS OF ATMOSPHERIC PARTICULATE MATTER\u200b<\/li>\n\n\n\n<li>FULL CHAIN APPROACH TO ASSESSMENT OF RISKS RELATED TO PARTICULATE MATTER\u200b<\/li>\n\n\n\n<li>COVID-19 AND PARTICULATE MATTER\u200b<\/li>\n<\/ul>\n\n\n\n<p><strong>3. PARTICULATE MATTER AND REGULATORY ISSUES&nbsp;<\/strong>\u200b<\/p>\n\n\n\n<ul class=\"wp-block-list\">\n<li>ISSUES RELATED TO MONITORING OF PARTICULATE MATTER\u200b<\/li>\n\n\n\n<li>LEGISLATIVE ASPECTS\u200b<\/li>\n\n\n\n<li>ABATEMENT STRATEGIES\u200b<\/li>\n<\/ul>\n\n\n\n<p><strong>4. SPECIAL SESSION \u2013 PhD STUDENTS&nbsp;<\/strong>\u200b<\/p>\n\n\n\n<ul class=\"wp-block-list\">\n<li>For PhD students to discuss their work related to particulate matter.<\/li>\n<\/ul>\n\n\n\n<p><strong><em>Welcome!<\/em><\/strong>\u200b<\/p>\n\n\n\n<p><em>On behalf of the Scientific and Organizing Committee,<\/em> \u200b<\/p>\n\n\n\n<p><em>Milena Jova\u0161evi\u0107-Stojanovi\u0107 and Alena&nbsp;Barto\u0148ov\u00e1&nbsp;<\/em>\u200b<\/p>\n\n\n\n<p><a href=\"mailto:webiopatr.prj@vinca.rs\" target=\"_blank\" rel=\"noreferrer noopener\"><em>webiopatr.prj@vinca.rs<\/em><\/a><em>&nbsp;&nbsp;,&nbsp;<\/em><a href=\"mailto:Alena.Bartonova@nilu.no\" target=\"_blank\" rel=\"noreferrer noopener\"><em>aba@nilu.no<\/em><\/a><em>&nbsp;<\/em><\/p>\n","protected":false},"excerpt":{"rendered":"<p>The 10th International WeBIOPATR Workshop and Conference PARTICULATE MATTER: RESEARCH AND MANAGEMENT Welcome to the 10th&nbsp;WeBIOPATR Anniversary Conference, WeBIOPATR2025, to&nbsp;be held in Belgrade, Serbia,&nbsp;26.\u201328.11.2025.&nbsp;&nbsp;\u200b The first WeBIOPATR, \u201eInternational Workshop and Conference, Particulate Matter: Research and Management\u201c took place in Belgrade in 2007. Its aim was to create a forum for Serbian and Western-Balkan experts and air pollution stakeholders to inform&#8230;<\/p>\n","protected":false},"author":2,"featured_media":0,"comment_status":"open","ping_status":"open","sticky":false,"template":"","format":"standard","meta":{"footnotes":""},"categories":[2],"tags":[],"class_list":["post-1538","post","type-post","status-publish","format-standard","hentry","category-blog"],"_links":{"self":[{"href":"https:\/\/www.vin.bg.ac.rs\/webiopatr\/2025\/wp-json\/wp\/v2\/posts\/1538","targetHints":{"allow":["GET"]}}],"collection":[{"href":"https:\/\/www.vin.bg.ac.rs\/webiopatr\/2025\/wp-json\/wp\/v2\/posts"}],"about":[{"href":"https:\/\/www.vin.bg.ac.rs\/webiopatr\/2025\/wp-json\/wp\/v2\/types\/post"}],"author":[{"embeddable":true,"href":"https:\/\/www.vin.bg.ac.rs\/webiopatr\/2025\/wp-json\/wp\/v2\/users\/2"}],"replies":[{"embeddable":true,"href":"https:\/\/www.vin.bg.ac.rs\/webiopatr\/2025\/wp-json\/wp\/v2\/comments?post=1538"}],"version-history":[{"count":3,"href":"https:\/\/www.vin.bg.ac.rs\/webiopatr\/2025\/wp-json\/wp\/v2\/posts\/1538\/revisions"}],"predecessor-version":[{"id":1735,"href":"https:\/\/www.vin.bg.ac.rs\/webiopatr\/2025\/wp-json\/wp\/v2\/posts\/1538\/revisions\/1735"}],"wp:attachment":[{"href":"https:\/\/www.vin.bg.ac.rs\/webiopatr\/2025\/wp-json\/wp\/v2\/media?parent=1538"}],"wp:term":[{"taxonomy":"category","embeddable":true,"href":"https:\/\/www.vin.bg.ac.rs\/webiopatr\/2025\/wp-json\/wp\/v2\/categories?post=1538"},{"taxonomy":"post_tag","embeddable":true,"href":"https:\/\/www.vin.bg.ac.rs\/webiopatr\/2025\/wp-json\/wp\/v2\/tags?post=1538"}],"curies":[{"name":"wp","href":"https:\/\/api.w.org\/{rel}","templated":true}]}}