{"id":1398,"date":"2025-03-21T13:05:59","date_gmt":"2025-03-21T13:05:59","guid":{"rendered":"https:\/\/www.vin.bg.ac.rs\/webiopatr\/2025\/?p=1398"},"modified":"2025-08-11T12:00:16","modified_gmt":"2025-08-11T12:00:16","slug":"first-call-for-papers-copy","status":"publish","type":"post","link":"https:\/\/www.vin.bg.ac.rs\/webiopatr\/2025\/first-call-for-papers-copy\/","title":{"rendered":"The First Call For WeBIOPATR 2025"},"content":{"rendered":"\n<p><strong><em>Welcome to the 10<\/em><\/strong><strong><em>th<\/em><\/strong><strong><em> WeBIOPATR Anniversary Conference, WeBIOPATR2025, that will <\/em><\/strong><strong><em>be held be held at Vinca Institute of Nuclear Sciences, University of Belgrade, Serbia, <\/em><\/strong><strong><em>26.\u201328.11.2025.&nbsp;&nbsp;<\/em><\/strong>\u200b<\/p>\n\n\n\n<p><p style=\"text-align: justify\"><em>The first WeBIOPATR, \u201eInternational Workshop and Conference, Particulate Matter: Research and Management\u201c was held in Belgrade in 2007. Its aim was to create a forum for Serbian and Western-Balkan experts and air pollution stakeholders to inform each other about state of knowledge in atmospheric research in Serbia and internationally, and about opportunities and barriers to reduce air pollution and especially, particulate matter (PM) towards safer levels.&nbsp; The conference is now held every 2nd year.<\/em>\u200b<\/p><\/p>\n\n\n\n<p style=\"text-align: justify\"><em>Since the first conference, we have learnt much about the levels and negative effects of <\/em><em>PM in Serbia and Western Balkan<\/em><em>,<\/em><em> and all over the world.&nbsp; The research carried out in <\/em><em>Serbia has been significantly expanded, and better integrated in the international <\/em><em>research community. The air pollution burden in Serbia and Western Balkan still need<\/em><em>s<\/em><em> <\/em><em>to be reduced. Our common quest is <\/em><em>thus<\/em><em> not over \u2013 in line with the World Health <\/em><em>Organization\u2019s latest air quality guidelines, ambient pollution must further be reduced, <\/em><em>in residential areas of large and small cities, in industrial areas, and in small <\/em><em>settlements, bringing both the outdoor and the indoor levels towards safer levels.&nbsp;&nbsp;<\/em>\u200b<\/p>\n\n\n\n<p style=\"text-align: justify\"><em>New challenges have arisen: the COVID-19 pandemic brought with it better <\/em><em>understanding of pollution sources and the role of PM in virus transmission. New <\/em><em>health-relevant metrics to assess PM properties have been established. New <\/em><em>technologies have been developed for use at all observing platforms. Low-cost air <\/em><em>quality sensos are now used in research and assessment as well as to raise awareness <\/em><em>of air pollution in the society. Artificial Intellingence allows us to combine non-<\/em><em>traditional data sources , and we can generate better emission estimates and precise <\/em><em>finely time- and space<\/em><em>&#8211;<\/em><em>resolved concentration fields that help us to develop mitigation <\/em><em>strategies. Not least, European Research Infrastructures are now supporting <\/em><em>harmonized methods and tools to generate, store and access research data on <\/em><em>atmosphere, for the benefit of the wider scientific community and the society.&nbsp;<\/em>\u200b<\/p>\n\n\n\n<p>WeBIOPATR2025 will be a \u201chybrid\u201d meeting. It will simultaneously convene at a physical location in Serbia and as a virtual participation with live stream presentations. Video on demand is being considered.&nbsp;\u200b<\/p>\n\n\n\n<p>This bi-annual series of events started in 2007. The aim is to provide an arena for scientists and regulators, for mutual information about advances related to atmospheric particulate matter issues. The topics span sources and their contribution, outdoor and indoor ambient levels, effects on health and ecosystems, and advanced and innovative monitoring techniques and assessment methods.\u200b<\/p>\n\n\n\n<p>Updated Information regarding the WeBIOPATR2025 will be distributed by e-mail and made available in due time. on the conference web site <strong>https:\/\/www.vin.bg.ac.rs\/webiopatr\/<\/strong>\u200b<\/p>\n\n\n\n<p>The WeBIOPATR2025 will continue the exchange of information and ideas in topics related to Particulate Matter Research and Management, in the following sessions:\u200b<\/p>\n\n\n\n<p><strong>1. ATMOSPHERIC PARTICULATE MATTER &#8211; PHYSICAL AND CHEMICAL PROPERTIES<\/strong>\u200b<\/p>\n\n\n\n<ul class=\"wp-block-list\">\n<li>SOURCES AND FORMATION OF PARTICULATE MATTER\u200b<\/li>\n\n\n\n<li>PARTICULATE MATTER COMPOSITION AND LEVELS OUTDOORS AND INDOORS\u200b<\/li>\n\n\n\n<li>ENVIRONMENTAL MODELING\u200b<\/li>\n\n\n\n<li>NANOPARTICLES IN THE ENVIRONMENT\u200b<\/li>\n<\/ul>\n\n\n\n<p><strong>2. PARTICULATE MATTER AND HEALTH<\/strong>\u200b<\/p>\n\n\n\n<ul class=\"wp-block-list\">\n<li>EXPOSURE TO PARTICULATE MATTER\u200b<\/li>\n\n\n\n<li>HEALTH ASPECTS OF ATMOSPHERIC PARTICULATE MATTER\u200b<\/li>\n\n\n\n<li>FULL CHAIN APPROACH TO ASSESSMENT OF RISKS RELATED TO PARTICULATE MATTER\u200b<\/li>\n\n\n\n<li>COVID-19 AND PARTICULATE MATTER\u200b<\/li>\n<\/ul>\n\n\n\n<p><strong>3. PARTICULATE MATTER AND REGULATORY ISSUES&nbsp;<\/strong>\u200b<\/p>\n\n\n\n<ul class=\"wp-block-list\">\n<li>ISSUES RELATED TO MONITORING OF PARTICULATE MATTER\u200b<\/li>\n\n\n\n<li>LEGISLATIVE ASPECTS\u200b<\/li>\n\n\n\n<li>ABATEMENT STRATEGIES\u200b<\/li>\n<\/ul>\n\n\n\n<p><strong>4. SPECIAL SESSION &#8211; PhD STUDENTS&nbsp;<\/strong>\u200b<\/p>\n\n\n\n<ul class=\"wp-block-list\">\n<li>For PhD students to discuss their work related to particulate matter&nbsp;\u200b<\/li>\n<\/ul>\n\n\n\n<p><strong><em>Welcome to WeBIOPATR2025!<\/em><\/strong>\u200b<\/p>\n\n\n\n<p><em>On behalf of the Scientific and Organizing Committee<\/em><em>,<\/em>\u200b<\/p>\n\n\n\n<p><em><\/em>\u200b<\/p>\n\n\n\n<p><em>Milena Jova\u0161evi\u0107-Stojanovi\u0107 and Alena <\/em><em>Barto\u0148ov\u00e1<\/em><em>&nbsp;<\/em>\u200b<\/p>\n\n\n\n<p><a href=\"mailto:webiopatr.prj@vinca.rs\" target=\"_blank\" rel=\"noreferrer noopener\"><em>webiopatr.prj@vinca.rs<\/em><\/a><em>&nbsp;<\/em><em> , <\/em><a href=\"mailto:Alena.Bartonova@nilu.no\" target=\"_blank\" rel=\"noreferrer noopener\"><em>aba@nilu.no<\/em><\/a><em>&nbsp;<\/em>\u200b<\/p>\n\n\n\n<p><\/p>\n","protected":false},"excerpt":{"rendered":"<p>Welcome to the 10th WeBIOPATR Anniversary Conference, WeBIOPATR2025, that will be held be held at Vinca Institute of Nuclear Sciences, University of Belgrade, Serbia, 26.\u201328.11.2025.&nbsp;&nbsp;\u200b The first WeBIOPATR, \u201eInternational Workshop and Conference, Particulate Matter: Research and Management\u201c was held in Belgrade in 2007. Its aim was to create a forum for Serbian and Western-Balkan experts and air pollution stakeholders to&#8230;<\/p>\n","protected":false},"author":2,"featured_media":0,"comment_status":"closed","ping_status":"closed","sticky":false,"template":"","format":"standard","meta":{"footnotes":""},"categories":[2],"tags":[],"class_list":["post-1398","post","type-post","status-publish","format-standard","hentry","category-blog"],"_links":{"self":[{"href":"https:\/\/www.vin.bg.ac.rs\/webiopatr\/2025\/wp-json\/wp\/v2\/posts\/1398","targetHints":{"allow":["GET"]}}],"collection":[{"href":"https:\/\/www.vin.bg.ac.rs\/webiopatr\/2025\/wp-json\/wp\/v2\/posts"}],"about":[{"href":"https:\/\/www.vin.bg.ac.rs\/webiopatr\/2025\/wp-json\/wp\/v2\/types\/post"}],"author":[{"embeddable":true,"href":"https:\/\/www.vin.bg.ac.rs\/webiopatr\/2025\/wp-json\/wp\/v2\/users\/2"}],"replies":[{"embeddable":true,"href":"https:\/\/www.vin.bg.ac.rs\/webiopatr\/2025\/wp-json\/wp\/v2\/comments?post=1398"}],"version-history":[{"count":9,"href":"https:\/\/www.vin.bg.ac.rs\/webiopatr\/2025\/wp-json\/wp\/v2\/posts\/1398\/revisions"}],"predecessor-version":[{"id":1541,"href":"https:\/\/www.vin.bg.ac.rs\/webiopatr\/2025\/wp-json\/wp\/v2\/posts\/1398\/revisions\/1541"}],"wp:attachment":[{"href":"https:\/\/www.vin.bg.ac.rs\/webiopatr\/2025\/wp-json\/wp\/v2\/media?parent=1398"}],"wp:term":[{"taxonomy":"category","embeddable":true,"href":"https:\/\/www.vin.bg.ac.rs\/webiopatr\/2025\/wp-json\/wp\/v2\/categories?post=1398"},{"taxonomy":"post_tag","embeddable":true,"href":"https:\/\/www.vin.bg.ac.rs\/webiopatr\/2025\/wp-json\/wp\/v2\/tags?post=1398"}],"curies":[{"name":"wp","href":"https:\/\/api.w.org\/{rel}","templated":true}]}}